{"id":1670,"date":"2015-02-15T21:20:22","date_gmt":"2015-02-15T20:20:22","guid":{"rendered":"http:\/\/tauschkreise.at\/?p=1670"},"modified":"2015-07-14T14:35:58","modified_gmt":"2015-07-14T13:35:58","slug":"einladung-zum-naechsten-treffen-am-mi-den-4-maerz-2015","status":"publish","type":"post","link":"http:\/\/www.tauschkreise.at\/?p=1670","title":{"rendered":"Einladung zum n\u00e4chsten Treffen am MI, den 4. M\u00e4rz 2015"},"content":{"rendered":"<p>Diesmal im <span style=\"color: #ff0000;\"><strong>PFARRZENTRUM GNEIS <\/strong><\/span>in der Eduard-Macheiner-Str 4<\/p>\n<p><strong><span style=\"color: #0000ff;\">18:15 Uhr c.t.<\/span> <\/strong>Einlass<strong><br \/>\nDiesmal keine<\/strong> <strong>Italienischkonversation<\/strong>.<span style=\"color: #0000ff;\"><strong><br \/>\n19:00 Uhr<\/strong><\/span> Er\u00f6ffnung, feierliche Begr\u00fc\u00dfung und Beginn des Tauschens.<\/p>\n<div class=\"entry-content\">\n<p>Vortragsthema:\u00a0 Fr. Mag. Elisabeth Riedler &#8222;<span style=\"color: #339966;\"><strong>\u00d6kologischer Fu\u00dfabdruck<\/strong><\/span>&#8220;<\/p>\n<p>Beinahe alle Dinge in unserem Leben sind mit dem Verbrauch von Rohstoffen und Ressourcen verbunden. Der \u00d6kologische Fu\u00dfabdruck eignet sich hervorragend, um die \u00f6kologische Begrenztheit unseres Planeten zu thematisieren.<\/p>\n<ul>\n<li>Was ist der \u00d6kologische Fu\u00dfabdruck?<\/li>\n<li>Wie h\u00e4ngt unser Lebensstil mit unserem \u00d6kologischen Fu\u00dfabdruck zusammen?<\/li>\n<li>Wie kann ich ihn verkleinern?<\/li>\n<\/ul>\n<p>Der Vortrag zeigt M\u00f6glichkeiten auf, wie wir den \u00d6kologischen Fu\u00dfabdruck durch umweltgerechtes Verhalten senken und wertvolle Ressourcen sparen k\u00f6nnen. Sie erhalten Tipps f\u00fcr den pers\u00f6nlichen Alltag, wie ein gutes Leben auf kleinem Fu\u00df m\u00f6glich ist und wird. &#8212;<\/p>\n<p>Nach dem Vortrag werden wir noch erste Besprechungen zum Projekt &#8222;<span style=\"color: #339966;\"><strong>Kapuzinerberg<\/strong><\/span>&#8211;<span style=\"color: #339966;\"><strong>Gartenbau<\/strong><\/span>&#8220; abhalten.<\/p>\n<p>Als weiteren Punkt werden wir \u00fcber die Fehlfunktionen und ungekl\u00e4rten Abbr\u00fcche, was auch immer, im <span style=\"color: #ff0000;\"><strong>Cyclos<\/strong><\/span> sprechen, um dieses leidige Thema vorw\u00e4rts zu bringen. Drum die Bitte an alle Betroffenen: kommt vorbei, wir nehmen uns eines jeden Einzelnen an und versuchen eine Kl\u00e4rung.<\/p>\n<p>Wer Sachen f\u00fcr unseren \u201c<span style=\"color: #800080;\"><strong>Bring+Nimm<\/strong>\u201d \u2013 <strong>Geschenketisch<\/strong><\/span> hat, bitte wieder mitbringen !<\/p>\n<p>F\u00fcr die <span style=\"color: #ff6600;\"><strong>Kulinarik<\/strong><\/span> sorgt das KBW, wobei Sigrid und Heinrich sich um die Durchf\u00fchrung dieser Einladung k\u00fcmmern werden, f\u00fcr die wir uns gleich im Voraus herzlich bedanken wollen. Um eine kleine Spende in TT-Std oder auch bar f\u00fcr die Durchf\u00fchrenden wird dezent gebeten. Nicht zu vergessen die ab jetzt <span style=\"color: #ff6600;\"><strong>monatliche<\/strong> <strong>V<\/strong><\/span><strong><span style=\"color: #ff6600;\">ereinbarung<\/span><\/strong>, wer das <strong><span style=\"color: #ff6600;\">n\u00e4chste<\/span><\/strong> <strong><span style=\"color: #ff6600;\">Kulinarium<\/span><\/strong> am 1. April &#8211; kein Scherz, besorgen will.<\/p>\n<p>Freunde und Bekannte sind herzlich willkommen !<\/p>\n<p><span style=\"color: #0000ff;\"><strong>Anfahrt\/Ort:<\/strong><\/span> Eduard-Macheiner-Str 4 ist eine Querstra\u00dfe der\u00a0 Berchtesgadener Stra\u00dfe.\u00a0 Parken am Platz neben der Kirche.\u00a0<strong>Obus 5<\/strong> bis Haltestelle \u201c<strong>Dossenweg<\/strong>\u201d, dann ca. 150 m stadteinw\u00e4rts gehen.<\/p>\n<\/div>\n","protected":false},"excerpt":{"rendered":"<p>Diesmal im PFARRZENTRUM GNEIS in der Eduard-Macheiner-Str 4 18:15 Uhr c.t. Einlass Diesmal keine Italienischkonversation. 19:00 Uhr Er\u00f6ffnung, feierliche Begr\u00fc\u00dfung und Beginn des Tauschens. Vortragsthema:\u00a0 Fr. Mag. Elisabeth Riedler &#8222;\u00d6kologischer Fu\u00dfabdruck&#8220; Beinahe alle Dinge in unserem Leben sind mit dem &hellip; <a href=\"http:\/\/www.tauschkreise.at\/?p=1670\">Weiterlesen <span class=\"meta-nav\">&rarr;<\/span><\/a><\/p>\n","protected":false},"author":5,"featured_media":0,"comment_status":"closed","ping_status":"closed","sticky":false,"template":"","format":"standard","meta":{"footnotes":""},"categories":[3],"tags":[],"class_list":["post-1670","post","type-post","status-publish","format-standard","hentry","category-berichte"],"_links":{"self":[{"href":"http:\/\/www.tauschkreise.at\/index.php?rest_route=\/wp\/v2\/posts\/1670","targetHints":{"allow":["GET"]}}],"collection":[{"href":"http:\/\/www.tauschkreise.at\/index.php?rest_route=\/wp\/v2\/posts"}],"about":[{"href":"http:\/\/www.tauschkreise.at\/index.php?rest_route=\/wp\/v2\/types\/post"}],"author":[{"embeddable":true,"href":"http:\/\/www.tauschkreise.at\/index.php?rest_route=\/wp\/v2\/users\/5"}],"replies":[{"embeddable":true,"href":"http:\/\/www.tauschkreise.at\/index.php?rest_route=%2Fwp%2Fv2%2Fcomments&post=1670"}],"version-history":[{"count":18,"href":"http:\/\/www.tauschkreise.at\/index.php?rest_route=\/wp\/v2\/posts\/1670\/revisions"}],"predecessor-version":[{"id":1689,"href":"http:\/\/www.tauschkreise.at\/index.php?rest_route=\/wp\/v2\/posts\/1670\/revisions\/1689"}],"wp:attachment":[{"href":"http:\/\/www.tauschkreise.at\/index.php?rest_route=%2Fwp%2Fv2%2Fmedia&parent=1670"}],"wp:term":[{"taxonomy":"category","embeddable":true,"href":"http:\/\/www.tauschkreise.at\/index.php?rest_route=%2Fwp%2Fv2%2Fcategories&post=1670"},{"taxonomy":"post_tag","embeddable":true,"href":"http:\/\/www.tauschkreise.at\/index.php?rest_route=%2Fwp%2Fv2%2Ftags&post=1670"}],"curies":[{"name":"wp","href":"https:\/\/api.w.org\/{rel}","templated":true}]}}