{"id":1546,"date":"2014-10-12T17:18:49","date_gmt":"2014-10-12T16:18:49","guid":{"rendered":"http:\/\/tauschkreise.at\/?p=1546"},"modified":"2015-07-14T14:21:35","modified_gmt":"2015-07-14T13:21:35","slug":"ttip-ceta-tisa-zur-hoelle-damit","status":"publish","type":"post","link":"http:\/\/www.tauschkreise.at\/?p=1546","title":{"rendered":"TTIP\u2013CETA\u2013TISA :   ZUR H\u00d6LLE DAMIT !"},"content":{"rendered":"<p style=\"text-align: justify;\">Auch wenn das Wetter am Kippen war, fand sich doch eine 4-stellige Anzahl Menschen, die begriffen hatten, wie ernst die Sache mit den Freihandelsabkommen ist, am Samstag nachmittag am Mirabellplatz ein, um in einer beeindruckenden Demo genauso wie \u00fcberall in \u00d6sterreich den weltregierenden Konzernen und Lobbyisten ein \u201eSch\u00f6neres\u201c anzusagen. Seht selbst im Internet nach unter diesen 3 Abk\u00fcrzungen und es wird euch Angst und bang werden!<br \/>\n<img loading=\"lazy\" decoding=\"async\" class=\"wp-image-1549 alignleft colorbox-1546\" src=\"http:\/\/tauschkreise.at\/wp-content\/uploads\/2014\/10\/20141011_172414xx-225x300.jpg\" alt=\"20141011_172414xx\" width=\"155\" height=\"202\" \/><a href=\"http:\/\/tauschkreise.at\/wp-content\/uploads\/2014\/10\/20141011_172450xx.jpg\"><img loading=\"lazy\" decoding=\"async\" class=\"wp-image-1550 alignright colorbox-1546\" src=\"http:\/\/tauschkreise.at\/wp-content\/uploads\/2014\/10\/20141011_172450xx-300x225.jpg\" alt=\"20141011_172450xx\" width=\"155\" height=\"118\" \/><\/a> Der lange Zug von Menschen aus allen Schichten und jeden Alters bewegte sich lautstark, aber diszipliniert \u00fcber die Staatsbr\u00fccke und den Kai entlang zum Domplatz, wo die eigentliche Kundgebung stattfand. Bei der n\u00e4chsten Demo wird man sicher f\u00fcr eine bessere Lautsprecheranlage sorgen, damit man auch in der hinteren H\u00e4lfte des Domplatzes die Redner gut verstehen wird. Das trojanische Pferd neben der Rednerb\u00fchne am Domportal symbolisierte den <img loading=\"lazy\" decoding=\"async\" class=\" wp-image-1552 alignright colorbox-1546\" src=\"http:\/\/tauschkreise.at\/wp-content\/uploads\/2014\/10\/20141011_175135xx-300x225.jpg\" alt=\"20141011_175135xx\" width=\"203\" height=\"155\" \/><img loading=\"lazy\" decoding=\"async\" class=\" wp-image-1551 alignleft colorbox-1546\" src=\"http:\/\/tauschkreise.at\/wp-content\/uploads\/2014\/10\/20141011_174522xx-225x300.jpg\" alt=\"20141011_174522xx\" width=\"154\" height=\"203\" \/> hinterh\u00e4ltigen Charakter dieser drei Vertragswerke, mit denen angeblich Wirtschaftswachstum und Arbeitspl\u00e4tze geschaffen werden. Allerdings ist es sehr fraglich, warum das geschehen sollte. Werden die Konsumenten danach mehr kaufen? mehr essen? mehr reisen? mehr autofahren? Oder werden sie nur andere Produkte bei anderen Firmen konsumieren als bisher?\u00a0 Wer wird da eher profitieren? Der regionale Familienbetrieb aus Salzburg oder der internationale Konzern? Eher wird das gro\u00dfe Unternehmen gewinnen. Gr\u00f6\u00dfe ist relativ. Spar \u00d6sterreich ist bereits ein internationaler Player. Aber der Platzhirsch in den USA hei\u00dft Walmart und macht 100 mal mehr Umsatz als die Spar AG.<\/p>\n<p style=\"text-align: justify;\"><img loading=\"lazy\" decoding=\"async\" class=\"wp-image-1553 aligncenter colorbox-1546\" src=\"http:\/\/tauschkreise.at\/wp-content\/uploads\/2014\/10\/20141011_182039xx-300x225.jpg\" alt=\"20141011_182039xx\" width=\"197\" height=\"150\" \/>Und zum Schlu\u00df stand ein rotleuchtendes \u201eSTOP TTIP\u201c aus brennenden Grabkerzen vor dem Dom, als ein flammendes Mene-Tekel der Renegaten an die Usurpatoren !<\/p>\n<p style=\"text-align: justify;\">Danken wir attac und avaaz stellvertretend f\u00fcr alle anderen Organisationen der Demonstration. Das sind wir vorallem unseren Kindern schuldig. Jedenfalls steht es der Eu-Kommission und auch uns nicht zu, das demokratische Mitbestimmungsrecht unserer Kinder gegen ein trojanisches Pferd namens &#8222;Freihandelsabkommen&#8220; einzutauschen!<\/p>\n","protected":false},"excerpt":{"rendered":"<p>Auch wenn das Wetter am Kippen war, fand sich doch eine 4-stellige Anzahl Menschen, die begriffen hatten, wie ernst die Sache mit den Freihandelsabkommen ist, am Samstag nachmittag am Mirabellplatz ein, um in einer beeindruckenden Demo genauso wie \u00fcberall in &hellip; <a href=\"http:\/\/www.tauschkreise.at\/?p=1546\">Weiterlesen <span class=\"meta-nav\">&rarr;<\/span><\/a><\/p>\n","protected":false},"author":5,"featured_media":0,"comment_status":"closed","ping_status":"open","sticky":false,"template":"","format":"standard","meta":{"footnotes":""},"categories":[3],"tags":[],"class_list":["post-1546","post","type-post","status-publish","format-standard","hentry","category-berichte"],"_links":{"self":[{"href":"http:\/\/www.tauschkreise.at\/index.php?rest_route=\/wp\/v2\/posts\/1546","targetHints":{"allow":["GET"]}}],"collection":[{"href":"http:\/\/www.tauschkreise.at\/index.php?rest_route=\/wp\/v2\/posts"}],"about":[{"href":"http:\/\/www.tauschkreise.at\/index.php?rest_route=\/wp\/v2\/types\/post"}],"author":[{"embeddable":true,"href":"http:\/\/www.tauschkreise.at\/index.php?rest_route=\/wp\/v2\/users\/5"}],"replies":[{"embeddable":true,"href":"http:\/\/www.tauschkreise.at\/index.php?rest_route=%2Fwp%2Fv2%2Fcomments&post=1546"}],"version-history":[{"count":12,"href":"http:\/\/www.tauschkreise.at\/index.php?rest_route=\/wp\/v2\/posts\/1546\/revisions"}],"predecessor-version":[{"id":1567,"href":"http:\/\/www.tauschkreise.at\/index.php?rest_route=\/wp\/v2\/posts\/1546\/revisions\/1567"}],"wp:attachment":[{"href":"http:\/\/www.tauschkreise.at\/index.php?rest_route=%2Fwp%2Fv2%2Fmedia&parent=1546"}],"wp:term":[{"taxonomy":"category","embeddable":true,"href":"http:\/\/www.tauschkreise.at\/index.php?rest_route=%2Fwp%2Fv2%2Fcategories&post=1546"},{"taxonomy":"post_tag","embeddable":true,"href":"http:\/\/www.tauschkreise.at\/index.php?rest_route=%2Fwp%2Fv2%2Ftags&post=1546"}],"curies":[{"name":"wp","href":"https:\/\/api.w.org\/{rel}","templated":true}]}}