{"id":1252,"date":"2014-03-15T00:40:35","date_gmt":"2014-03-14T23:40:35","guid":{"rendered":"http:\/\/tauschkreise.at\/?p=1252"},"modified":"2015-07-14T13:39:15","modified_gmt":"2015-07-14T12:39:15","slug":"vortrag-und-diskussion-aktuelle-oesterreichische-und-internationale-entwicklungen-zum-thema-regiogeld","status":"publish","type":"post","link":"http:\/\/www.tauschkreise.at\/?p=1252","title":{"rendered":"Vortrag und Diskussion  &#8222;Aktuelle \u00f6sterreichische und internationale Entwicklungen zum Thema Regiogeld&#8220;"},"content":{"rendered":"<p><strong>Talente-Tauschkreis Salzburg &#8211; Vortrag und Diskussion<\/strong><br \/>\nIm Rahmen des \u00d6sterr. Vernetzungstreffens f\u00fcr Tausch- u. Zeitw\u00e4hrungsinitiativen<br \/>\nam <strong><span style=\"color: #0000ff;\">FR 21.03.2014 um 20 Uhr<\/span><\/strong><br \/>\nim Pfarrsaal der Evangelisch-methodistischen Kirche, Neutorstr. 38<br \/>\n(Obus Linien 1, 10, 21, 22)<\/p>\n<p><span style=\"color: #008000;\">Hier die <strong>aktuelle Nachinformation<\/strong> zum untenstehenden Vernetzungstreffen :<\/span><br \/>\n<span style=\"color: #008000;\"> Das <strong>Video<\/strong> und der <strong>Bericht<\/strong> dazu sind in Arbeit !<\/span><\/p>\n<p>Thema am FR:<br \/>\n\u201e<strong>Aktuelle \u00f6sterreichische und internationale Entwicklungen zum Thema Regiogeld<\/strong>\u201c<br \/>\nmit Gernot Jochum-M\u00fcller, Dornbirn.<br \/>\nAnschlie\u00dfend Dialog mit weiteren Expertinnen und Experten bis 21.30 Uhr<br \/>\n(freiwilliger Kostenbeitrag).<br \/>\nGernot Jochum-M\u00fcller ist Obmann u. Sprecher von Talente-Vorarlberg u. der ALLMENDA Social Business eG.<br \/>\nDer Unternehmensberater und Organisationsentwickler unterst\u00fctzt \u00f6sterreichweit Projekte zur Einf\u00fchrung von Regional- und Gemeindew\u00e4hrungen und Zeithilfsnetzwerken.<br \/>\nDurch die Zusammenf\u00fchrung regionaler Ressourcen und Menschen ist ein selektives Entkoppeln der Region vom globalen Markt m\u00f6glich, woduch sich Transport und Energieverbrauch reduzieren lassen.<br \/>\nEin wesentlicher Aspekt ist auch die St\u00e4rkung regionaler Identit\u00e4t und gesellschaftlicher Gemeinschaft.<br \/>\nWeitere Informationen unter: tauschkreis@gmx.net oder Mobil: 0676 77 84 736<\/p>\n<p><span style=\"color: #ff0000;\">&#8212;&#8212;&#8212;&#8212;&#8212;&#8212;&#8212;&#8212;&#8212;&#8212;&#8212;&#8212;&#8212;&#8212;&#8212;&#8212;&#8212;&#8212;&#8212;&#8212;&#8212;&#8212;&#8212;&#8212;&#8212;&#8212;&#8212;&#8212;&#8212;&#8212;&#8212;&#8212;&#8212;&#8212;&#8212;-<\/span><\/p>\n<p><span style=\"color: #0000ff;\"><strong>Samstag, 22.03. 10-17 Uhr:<\/strong><\/span> <strong>Treffen \u00f6sterr. Tausch- und Zeitw\u00e4hrungsinitiativen<\/strong><br \/>\n<span style=\"color: #0000ff;\"><strong>09.30<\/strong><\/span> Ankommen, Kaffee, Erfassen der TeilnehmerInnen und erster Informationsaustausch<br \/>\n<span style=\"color: #0000ff;\"><strong>10.00<\/strong><\/span> Begr\u00fc\u00dfung und Annahme der Tagesordnung<br \/>\n<span style=\"color: #0000ff;\"><strong>10.10<\/strong><\/span> Zusammenfassende Information zur ARGE-Sitzung vom Vortag und<br \/>\nKurzberichte von den Initiativen \u2013 Themensammlung<br \/>\n<strong><span style=\"color: #0000ff;\">11.45<\/span><\/strong> Zur Einf\u00fchrung der ZA:RT-Zeitgutscheine<br \/>\n<span style=\"color: #0000ff;\"><strong>12.15<\/strong><\/span> Mittagsbuffet:<br \/>\n\u201cWir versorgen uns gegenseitig durch Mitgebrachtes aus unseren Regionen\u201c<br \/>\n<strong>AUTOFAHRER<\/strong> Achtung<strong>:<\/strong> <span style=\"color: #ff0000;\">Parkuhren<\/span> laufen nach 3 Std. ab !!!<br \/>\n<span style=\"color: #0000ff;\"><strong>13.45<\/strong><\/span> Marktplatz f\u00fcr \u00fcberregionale Produkte und Leistungen<br \/>\njedes System soll drei konkrete Angebote mitbringen (mit Hilfe mitgebrachter und bereit<br \/>\ngestellter Laptops k\u00f6nnen evt. sogar technische Fragen gleich beantwortet werden)<br \/>\n<strong><span style=\"color: #0000ff;\">15.00<\/span> <\/strong>Kaffeepause mit M\u00f6glichkeit zum individuellen Informationsaustausch<br \/>\n<strong><span style=\"color: #0000ff;\">15.30<\/span><\/strong> Plenum: Zusammenfassen der Ergebnisse &#8211; weiterf\u00fchrende Ideen mit Dialog-Methode<br \/>\n<span style=\"color: #0000ff;\"><strong>16.30<\/strong><\/span> Ank\u00fcndigungen, Terminvereinbarungen und Verabschiedung<br \/>\n<strong><span style=\"color: #0000ff;\">17.00<\/span><\/strong> Ende des Vernetzungstreffens<br \/>\nEmpfohlener Kostenbeitrag 1 TT-Stunde oder Euro 10 pro Teiln.<br \/>\n<strong>Anmeldungen<\/strong> bitte <strong>bis<\/strong> sp\u00e4testens <strong>17.03.2014<\/strong> an Tauschkreis-Salzburg &lt;tauschkreis@gmx.net&gt;<br \/>\nBitte im eigenen Interesse um \u00dcberpr\u00fcfung\/Erg\u00e4nzung\/\u00c4nderung der Namen und Adressdaten sowie Telefonnummern zu den Ansprechpersonen in der ZART- bzw. Clearing-Datenbank.<br \/>\nhttp:\/\/www.zart.org\/220.0.html?&amp;pos= 2<br \/>\nBei technischen Problemen wendet Euch bitte an Jutta Kager jutta.kager@aon.at<\/p>\n","protected":false},"excerpt":{"rendered":"<p>Talente-Tauschkreis Salzburg &#8211; Vortrag und Diskussion Im Rahmen des \u00d6sterr. Vernetzungstreffens f\u00fcr Tausch- u. Zeitw\u00e4hrungsinitiativen am FR 21.03.2014 um 20 Uhr im Pfarrsaal der Evangelisch-methodistischen Kirche, Neutorstr. 38 (Obus Linien 1, 10, 21, 22) Hier die aktuelle Nachinformation zum untenstehenden &hellip; <a href=\"http:\/\/www.tauschkreise.at\/?p=1252\">Weiterlesen <span class=\"meta-nav\">&rarr;<\/span><\/a><\/p>\n","protected":false},"author":5,"featured_media":0,"comment_status":"closed","ping_status":"open","sticky":false,"template":"","format":"standard","meta":{"footnotes":""},"categories":[3],"tags":[],"class_list":["post-1252","post","type-post","status-publish","format-standard","hentry","category-berichte"],"_links":{"self":[{"href":"http:\/\/www.tauschkreise.at\/index.php?rest_route=\/wp\/v2\/posts\/1252","targetHints":{"allow":["GET"]}}],"collection":[{"href":"http:\/\/www.tauschkreise.at\/index.php?rest_route=\/wp\/v2\/posts"}],"about":[{"href":"http:\/\/www.tauschkreise.at\/index.php?rest_route=\/wp\/v2\/types\/post"}],"author":[{"embeddable":true,"href":"http:\/\/www.tauschkreise.at\/index.php?rest_route=\/wp\/v2\/users\/5"}],"replies":[{"embeddable":true,"href":"http:\/\/www.tauschkreise.at\/index.php?rest_route=%2Fwp%2Fv2%2Fcomments&post=1252"}],"version-history":[{"count":7,"href":"http:\/\/www.tauschkreise.at\/index.php?rest_route=\/wp\/v2\/posts\/1252\/revisions"}],"predecessor-version":[{"id":1263,"href":"http:\/\/www.tauschkreise.at\/index.php?rest_route=\/wp\/v2\/posts\/1252\/revisions\/1263"}],"wp:attachment":[{"href":"http:\/\/www.tauschkreise.at\/index.php?rest_route=%2Fwp%2Fv2%2Fmedia&parent=1252"}],"wp:term":[{"taxonomy":"category","embeddable":true,"href":"http:\/\/www.tauschkreise.at\/index.php?rest_route=%2Fwp%2Fv2%2Fcategories&post=1252"},{"taxonomy":"post_tag","embeddable":true,"href":"http:\/\/www.tauschkreise.at\/index.php?rest_route=%2Fwp%2Fv2%2Ftags&post=1252"}],"curies":[{"name":"wp","href":"https:\/\/api.w.org\/{rel}","templated":true}]}}