{"id":1071,"date":"2013-11-11T04:40:26","date_gmt":"2013-11-11T03:40:26","guid":{"rendered":"http:\/\/tauschkreise.at\/?p=1071"},"modified":"2015-07-14T13:23:06","modified_gmt":"2015-07-14T12:23:06","slug":"erntejahr-2013","status":"publish","type":"post","link":"http:\/\/www.tauschkreise.at\/?p=1071","title":{"rendered":"ERNTEJAHR 2013"},"content":{"rendered":"<p><span style=\"color: #800080;\"><strong>[E-14]\u00a0<\/strong><\/span>\u00a0\u00a0 Lang ist\u2018s her, seit wir uns im September 2012 als \u201eDre&#8230;&#8220;, wollte sagen: \u201eErdiges Dutzend\u201c in Rudis Garten zur ersten Besprechung trafen (siehe<span style=\"color: #800080;\"> [E-2]<\/span>). Fritz und Bernhard beharkten eines kalten Novembertags mit der Motorsense den Bio-Urwald, der sich in meinem Garten breitgemacht hatte (auf <span style=\"color: #800080;\">[E-5]<\/span>). Herold rodete die alten Stauden und grub den Springbrunnenkanal,<\/p>\n<p><a href=\"http:\/\/tauschkreise.at\/wp-content\/uploads\/2013\/11\/2013-05-Herold3.jpg\"><img loading=\"lazy\" decoding=\"async\" class=\"alignnone colorbox-1071\" src=\"http:\/\/tauschkreise.at\/wp-content\/uploads\/2013\/11\/2013-05-Herold3-300x225.jpg\" alt=\"2013-05-Herold3\" width=\"236\" height=\"179\" \/><\/a><a href=\"http:\/\/tauschkreise.at\/wp-content\/uploads\/2013\/11\/2013-08-Wege5.jpg\"><img loading=\"lazy\" decoding=\"async\" class=\"alignright colorbox-1071\" src=\"http:\/\/tauschkreise.at\/wp-content\/uploads\/2013\/11\/2013-08-Wege5-300x225.jpg\" alt=\"2013-08-Wege5\" width=\"234\" height=\"190\" \/><\/a><\/p>\n<p>Walter und ich karrten einige Tonnen Splitt f\u00fcr die Wege rein,\u00a0nachdem Watan die Wege gegraben und Martin den\u00a0 Weggrund im Niveau angeglichen hatte.<\/p>\n<p><a href=\"http:\/\/tauschkreise.at\/wp-content\/uploads\/2013\/11\/2013-07-Martin9.jpg\"><img loading=\"lazy\" decoding=\"async\" class=\"alignnone colorbox-1071\" src=\"http:\/\/tauschkreise.at\/wp-content\/uploads\/2013\/11\/2013-07-Martin9-300x225.jpg\" alt=\"2013-07-Martin9\" width=\"233\" height=\"177\" \/><\/a><a href=\"http:\/\/tauschkreise.at\/wp-content\/uploads\/2013\/11\/2013-10-MonPetitVersailles2.jpg\"><img loading=\"lazy\" decoding=\"async\" class=\"alignright colorbox-1071\" src=\"http:\/\/tauschkreise.at\/wp-content\/uploads\/2013\/11\/2013-10-MonPetitVersailles2-300x225.jpg\" alt=\"2013-10-MonPetitVersailles2\" width=\"230\" height=\"175\" \/><\/a><\/p>\n<p>Dann wurde die \u201eLandnahme\u201c vorbereitet, geplant, vorgeschlagen, wieder umgeplant, bis dann am Schlu\u00df doch noch \u201eMon Petit Versailles\u201c herauskam, ein Doppelkreis-Rundbeet nach Rudis Idee.<\/p>\n<p><a href=\"http:\/\/tauschkreise.at\/wp-content\/uploads\/2013\/11\/2013-08-Erd\u00e4pfel05.jpg\"><img loading=\"lazy\" decoding=\"async\" class=\"alignnone colorbox-1071\" src=\"http:\/\/tauschkreise.at\/wp-content\/uploads\/2013\/11\/2013-08-Erd\u00e4pfel05-300x225.jpg\" alt=\"2013-08-Erd\u00e4pfel05\" width=\"236\" height=\"179\" \/><\/a><a href=\"http:\/\/tauschkreise.at\/wp-content\/uploads\/2013\/11\/2013-04-Rundbeet-11X.jpg\"><img loading=\"lazy\" decoding=\"async\" class=\" wp-image-1073 alignright colorbox-1071\" src=\"http:\/\/tauschkreise.at\/wp-content\/uploads\/2013\/11\/2013-04-Rundbeet-11X-300x225.jpg\" alt=\"2013-04-Rundbeet-11X\" width=\"238\" height=\"185\" \/><\/a><\/p>\n<p>Auch wenn erwartungsgem\u00e4\u00df nicht alle, die zu Beginn Feuer und Flamme dabei waren, auch ein Beet okkupierten, blieb doch ein harter Kern von ca. 6 Aktiven \u00fcbrig. Zuerst pflanzten Rudi und Annette im Ostsektor auf Papp-Unterlage Erd\u00e4pfel, w\u00e4hrend sich Roswitha im Glashaus ihren Tomaten widmete, nachdem sie mit Unterst\u00fctzung durch mich und ihre Leute nicht nur frische Erde ins Glashaus verfrachtet, sondern auch den gro\u00dfen Kompostkasten am Zaun errichtet hatte. Die t\u00e4gliche Begehung und Pflege und Wasserversorgung wurden schon zur biologischen Pflicht, die monatelang mit reichlich Tomaten von bestem Geschmack belohnt wurde. Ebenso konnten sich die Erd\u00e4pfel von Annette und Rudi sehen lassen, wenn auch die Menge nat\u00fcrlich nicht b\u00e4uerlichen Dimensionen entsprach. Roswithas Erd\u00e4pfel in der Tonne brachten es auch auf 2-3 Kilo und die Zucchini am Sonderbeet wollten nicht aufh\u00f6ren zu wachsen. Ein Riesenk\u00fcrbis mit gesch\u00e4tzten 20-30 Kilo entzog sich leider dem Fototermin, hat aber nach Roswithas Aussage ebenso hervorragend geschmeckt wie die ziemlich kleinen Maisk\u00f6lbchen, die<\/p>\n<p><a href=\"http:\/\/tauschkreise.at\/wp-content\/uploads\/2013\/11\/2013-Ernte-4.jpg\"><img loading=\"lazy\" decoding=\"async\" class=\" wp-image-1079 aligncenter colorbox-1071\" src=\"http:\/\/tauschkreise.at\/wp-content\/uploads\/2013\/11\/2013-Ernte-4-300x213.jpg\" alt=\"2013-Ernte-4\" width=\"270\" height=\"195\" \/><\/a>Fisolen und die violetten Kartoffeln; diese hatten meiner Meinung nach den besten Geschmack, vorallem wenn man das \u00e4rmliche \u201egeschmacklose\u201c Industriezeug vom Supermarkt daneben stellt.<\/p>\n<p>Walter wird den Rundbeeten noch eine letzte Herbstpflege angedeihen lassen, bevor&#8217;s nach diesem wirklich erfolgreichen Jahr in die Winterruhe geht \u2013 und in ein neues hoffnungsvolles Gem\u00fcsejahr 2014, mit vielen Tomaten, Kartoffeln, Fisolen, Mais, Zucchinis und meiner kleinen Schnittlauchplantage !<\/p>\n<p><span style=\"color: #993300;\"><strong>Die Erde hat alles, was wir brauchen \u2013 nutzen wir es !<\/strong><\/span><\/p>\n<p>&nbsp;<\/p>\n","protected":false},"excerpt":{"rendered":"<p>[E-14]\u00a0\u00a0\u00a0 Lang ist\u2018s her, seit wir uns im September 2012 als \u201eDre&#8230;&#8220;, wollte sagen: \u201eErdiges Dutzend\u201c in Rudis Garten zur ersten Besprechung trafen (siehe [E-2]). Fritz und Bernhard beharkten eines kalten Novembertags mit der Motorsense den Bio-Urwald, der sich in &hellip; <a href=\"http:\/\/www.tauschkreise.at\/?p=1071\">Weiterlesen <span class=\"meta-nav\">&rarr;<\/span><\/a><\/p>\n","protected":false},"author":5,"featured_media":0,"comment_status":"closed","ping_status":"open","sticky":false,"template":"","format":"standard","meta":{"footnotes":""},"categories":[3,10],"tags":[],"class_list":["post-1071","post","type-post","status-publish","format-standard","hentry","category-berichte","category-garten"],"_links":{"self":[{"href":"http:\/\/www.tauschkreise.at\/index.php?rest_route=\/wp\/v2\/posts\/1071","targetHints":{"allow":["GET"]}}],"collection":[{"href":"http:\/\/www.tauschkreise.at\/index.php?rest_route=\/wp\/v2\/posts"}],"about":[{"href":"http:\/\/www.tauschkreise.at\/index.php?rest_route=\/wp\/v2\/types\/post"}],"author":[{"embeddable":true,"href":"http:\/\/www.tauschkreise.at\/index.php?rest_route=\/wp\/v2\/users\/5"}],"replies":[{"embeddable":true,"href":"http:\/\/www.tauschkreise.at\/index.php?rest_route=%2Fwp%2Fv2%2Fcomments&post=1071"}],"version-history":[{"count":13,"href":"http:\/\/www.tauschkreise.at\/index.php?rest_route=\/wp\/v2\/posts\/1071\/revisions"}],"predecessor-version":[{"id":1386,"href":"http:\/\/www.tauschkreise.at\/index.php?rest_route=\/wp\/v2\/posts\/1071\/revisions\/1386"}],"wp:attachment":[{"href":"http:\/\/www.tauschkreise.at\/index.php?rest_route=%2Fwp%2Fv2%2Fmedia&parent=1071"}],"wp:term":[{"taxonomy":"category","embeddable":true,"href":"http:\/\/www.tauschkreise.at\/index.php?rest_route=%2Fwp%2Fv2%2Fcategories&post=1071"},{"taxonomy":"post_tag","embeddable":true,"href":"http:\/\/www.tauschkreise.at\/index.php?rest_route=%2Fwp%2Fv2%2Ftags&post=1071"}],"curies":[{"name":"wp","href":"https:\/\/api.w.org\/{rel}","templated":true}]}}